{"id":3960,"date":"2025-06-24T14:27:51","date_gmt":"2025-06-24T14:27:51","guid":{"rendered":"https:\/\/daniyaalicante.com\/laissez-bruler-alicante-vivez-les-feux-de-joie-de-san-juan-comme-jamais-auparavant\/"},"modified":"2025-06-24T14:27:51","modified_gmt":"2025-06-24T14:27:51","slug":"laissez-bruler-alicante-vivez-les-feux-de-joie-de-san-juan-comme-jamais-auparavant","status":"publish","type":"post","link":"https:\/\/daniyaalicante.com\/fr\/laissez-bruler-alicante-vivez-les-feux-de-joie-de-san-juan-comme-jamais-auparavant\/","title":{"rendered":"Laissez br\u00fbler Alicante ! Vivez les feux de joie de San Juan comme jamais auparavant !"},"content":{"rendered":"<p>Le mois de juin \u00e0 Alicante symbolise l&rsquo;authenticit\u00e9 \u00e0 l&rsquo;\u00e9tat pur : les <strong>feux de San Juan \u00e0 Alicante<\/strong> allient tradition, feu et f\u00eate dans toute leur splendeur. Si vous n&rsquo;avez pas encore senti la ville vibrer pendant ces nuits chaudes, pr\u00e9parez-vous \u00e0 vivre une exp\u00e9rience inoubliable que vous voudrez r\u00e9p\u00e9ter chaque ann\u00e9e. <\/p>\n<h2>Que sont les feux de joie de San Juan ?<\/h2>\n<p>&nbsp;<\/p>\n<p><img decoding=\"async\" class=\" wp-image-3936 alignleft\" src=\"https:\/\/daniyaalicante.com\/wp-content\/uploads\/2025\/06\/1000125685-300x187.jpg\" alt=\"|\" width=\"405\" height=\"253\" title=\"|\" srcset=\"https:\/\/daniyaalicante.com\/wp-content\/uploads\/2025\/06\/1000125685-300x187.jpg 300w, https:\/\/daniyaalicante.com\/wp-content\/uploads\/2025\/06\/1000125685-1024x640.jpg 1024w, https:\/\/daniyaalicante.com\/wp-content\/uploads\/2025\/06\/1000125685-768x480.jpg 768w, https:\/\/daniyaalicante.com\/wp-content\/uploads\/2025\/06\/1000125685-1536x960.jpg 1536w, https:\/\/daniyaalicante.com\/wp-content\/uploads\/2025\/06\/1000125685-2048x1279.jpg 2048w\" sizes=\"(max-width: 405px) 100vw, 405px\"><\/p>\n<p>&nbsp;<\/p>\n<p>&nbsp;<\/p>\n<p style=\"padding-left: 40px;\">Les feux de joie de San Juan, \u00e0 Alicante, sont un spectacle culturel de grande envergure, reconnu comme un festival d&rsquo;int\u00e9r\u00eat touristique international. Pendant plusieurs jours, la ville se remplit de monuments satiriques g\u00e9ants en bois et en carton ; des \u0153uvres d&rsquo;art urbaines qui culminent avec la spectaculaire \u00ab\u00a0Crem\u00e0\u00a0\u00bb &#8211; l&#8217;embrasement des feux de joie &#8211; au cours d&rsquo;une nuit charg\u00e9e d&rsquo;\u00e9motion et de tradition. <\/p>\n<p>&nbsp;<\/p>\n<p>&nbsp;<\/p>\n<p>&nbsp;<\/p>\n<h2>Une journ\u00e9e enti\u00e8re de f\u00eate \u00e0 Alicante<\/h2>\n<p style=\"padding-left: 40px;\">Des puissantes <strong>masclet\u00e0s<\/strong> de midi aux verbenas nocturnes qui durent jusqu&rsquo;\u00e0 l&rsquo;aube, chaque jour est intense. Alicante se met sur son trente-et-un : les gens se rassemblent dans les rues, dansent, rient et savourent l&rsquo;ar\u00f4me de la poudre et de la gastronomie locale \u00e0 chaque coin de rue. <\/p>\n<p>&nbsp;<\/p>\n<h2>Conseils essentiels pour vivre les feux de joie comme un habitant d&rsquo;Alicante<\/h2>\n<ol>\n<li style=\"list-style-type: none;\">\n<ol>\n<li>Ne manquez pas le <strong>Plant\u00e0<\/strong>, lorsque les monuments sont install\u00e9s dans les rues.<\/li>\n<li>Vivez la \u00ab\u00a0Crem\u00e0\u00a0\u00bb : une nuit de feu, d&rsquo;\u00e9motion et de spectacle visuel.<\/li>\n<li>Essayez la cuisine typique : le <strong>coca amb tonyina<\/strong> et les <strong>brevas<\/strong> sont incontournables.<\/li>\n<li>Portez des chaussures confortables, hydratez-vous bien et pr\u00e9parez-vous \u00e0 de longues journ\u00e9es festives.<\/li>\n<li>Apportez votre appareil photo ou votre t\u00e9l\u00e9phone portable pour immortaliser les moments \u00e9piques de cette exp\u00e9rience unique.<\/li>\n<\/ol>\n<\/li>\n<\/ol>\n<h2>O\u00f9 se reposer au milieu de la f\u00eate ?<\/h2>\n<p style=\"padding-left: 40px;\">Apr\u00e8s avoir v\u00e9cu l&rsquo;intensit\u00e9 des f\u00eates, vous avez besoin d&rsquo;un refuge tranquille : l <strong>&lsquo;h\u00f4tel Daniya Alicante<\/strong> est l&rsquo;endroit id\u00e9al. \u00c0 quelques minutes du centre, il propose un <strong>parking gratuit<\/strong>, des chambres insonoris\u00e9es et des services parfaits pour bien dormir et recharger ses batteries. <\/p>\n<p>&nbsp;<\/p>\n<h2>Conclusion : vivre les feux de joie comme un habitant de la r\u00e9gion<\/h2>\n<p style=\"padding-left: 40px;\">Les feux de San Juan sont le c\u0153ur d&rsquo;Alicante qui bat avec passion, tradition et \u00e9motion d\u00e9brid\u00e9e. Et lorsque vous aurez besoin d&rsquo;une pause, vous trouverez au Daniya Alicante la tranquillit\u00e9, le confort et la proximit\u00e9 de l \u00ab \u00e9picentre festif. Pr\u00eat \u00e0 allumer l \u00bb \u00e9tincelle de votre \u00e9t\u00e9 ?  <\/p>\n<p>&nbsp;<\/p>\n<p><img decoding=\"async\" class=\"alignnone wp-image-3939\" src=\"https:\/\/daniyaalicante.com\/wp-content\/uploads\/2025\/06\/1000125684-1-300x238.jpg\" alt=\"|\" width=\"406\" height=\"323\" title=\"|\" srcset=\"https:\/\/daniyaalicante.com\/wp-content\/uploads\/2025\/06\/1000125684-1-300x238.jpg 300w, https:\/\/daniyaalicante.com\/wp-content\/uploads\/2025\/06\/1000125684-1-1024x813.jpg 1024w, https:\/\/daniyaalicante.com\/wp-content\/uploads\/2025\/06\/1000125684-1-768x610.jpg 768w, https:\/\/daniyaalicante.com\/wp-content\/uploads\/2025\/06\/1000125684-1-1536x1220.jpg 1536w, https:\/\/daniyaalicante.com\/wp-content\/uploads\/2025\/06\/1000125684-1-2048x1626.jpg 2048w\" sizes=\"(max-width: 406px) 100vw, 406px\"><\/p>\n","protected":false},"excerpt":{"rendered":"<p>Le mois de juin \u00e0 Alicante symbolise l&rsquo;authenticit\u00e9 \u00e0 l&rsquo;\u00e9tat pur : les feux de San Juan \u00e0 Alicante allient tradition, feu et f\u00eate dans toute leur splendeur. Si vous n&rsquo;avez pas encore senti la ville vibrer pendant ces nuits chaudes, pr\u00e9parez-vous \u00e0 vivre une exp\u00e9rience inoubliable que vous voudrez r\u00e9p\u00e9ter chaque ann\u00e9e. Que sont [&hellip;]<\/p>\n","protected":false},"author":1,"featured_media":3932,"comment_status":"closed","ping_status":"closed","sticky":false,"template":"","format":"standard","meta":{"_joinchat":[],"footnotes":""},"categories":[121],"tags":[],"class_list":["post-3960","post","type-post","status-publish","format-standard","has-post-thumbnail","hentry","category-non-classifiee"],"_links":{"self":[{"href":"https:\/\/daniyaalicante.com\/fr\/wp-json\/wp\/v2\/posts\/3960","targetHints":{"allow":["GET"]}}],"collection":[{"href":"https:\/\/daniyaalicante.com\/fr\/wp-json\/wp\/v2\/posts"}],"about":[{"href":"https:\/\/daniyaalicante.com\/fr\/wp-json\/wp\/v2\/types\/post"}],"author":[{"embeddable":true,"href":"https:\/\/daniyaalicante.com\/fr\/wp-json\/wp\/v2\/users\/1"}],"replies":[{"embeddable":true,"href":"https:\/\/daniyaalicante.com\/fr\/wp-json\/wp\/v2\/comments?post=3960"}],"version-history":[{"count":0,"href":"https:\/\/daniyaalicante.com\/fr\/wp-json\/wp\/v2\/posts\/3960\/revisions"}],"wp:featuredmedia":[{"embeddable":true,"href":"https:\/\/daniyaalicante.com\/fr\/wp-json\/wp\/v2\/media\/3932"}],"wp:attachment":[{"href":"https:\/\/daniyaalicante.com\/fr\/wp-json\/wp\/v2\/media?parent=3960"}],"wp:term":[{"taxonomy":"category","embeddable":true,"href":"https:\/\/daniyaalicante.com\/fr\/wp-json\/wp\/v2\/categories?post=3960"},{"taxonomy":"post_tag","embeddable":true,"href":"https:\/\/daniyaalicante.com\/fr\/wp-json\/wp\/v2\/tags?post=3960"}],"curies":[{"name":"wp","href":"https:\/\/api.w.org\/{rel}","templated":true}]}}